{"id":3768,"date":"2023-11-16T11:27:50","date_gmt":"2023-11-16T10:27:50","guid":{"rendered":"http:\/\/lhivernu.com\/?p=3768"},"modified":"2024-05-21T11:38:21","modified_gmt":"2024-05-21T09:38:21","slug":"bruits-blancs-13","status":"publish","type":"post","link":"https:\/\/lhivernu.com\/index.php\/2023\/11\/16\/bruits-blancs-13\/","title":{"rendered":"Bruits Blancs #13"},"content":{"rendered":"\n<p><strong>Dans le cadre de Bruits Blancs #13, d\u00e9couvrez des s\u00e9quences originales de trente minutes bas\u00e9es sur l\u2019improvisation. C\u2019est un v\u00e9ritable temps de cr\u00e9ation, o\u00f9 deux artistes qui ne se connaissent pas sont invit\u00e9s \u00e0 se d\u00e9couvrir et \u00e0 proposer une confrontation directe entre \u00e9criture litt\u00e9raire, po\u00e9tique.<\/strong><\/p>\n\n\n\n<figure class=\"wp-block-image size-large is-resized\"><img fetchpriority=\"high\" decoding=\"async\" width=\"1024\" height=\"1024\" src=\"https:\/\/lhivernu.com\/wp-content\/uploads\/2023\/11\/Affiche-Bruits-Blancs-1024x1024.jpg\" alt=\"\" class=\"wp-image-3769\" style=\"aspect-ratio:1;width:839px;height:auto\" srcset=\"https:\/\/lhivernu.com\/wp-content\/uploads\/2023\/11\/Affiche-Bruits-Blancs-1024x1024.jpg 1024w, https:\/\/lhivernu.com\/wp-content\/uploads\/2023\/11\/Affiche-Bruits-Blancs-300x300.jpg 300w, https:\/\/lhivernu.com\/wp-content\/uploads\/2023\/11\/Affiche-Bruits-Blancs-150x150.jpg 150w, https:\/\/lhivernu.com\/wp-content\/uploads\/2023\/11\/Affiche-Bruits-Blancs-768x768.jpg 768w, https:\/\/lhivernu.com\/wp-content\/uploads\/2023\/11\/Affiche-Bruits-Blancs-830x830.jpg 830w, https:\/\/lhivernu.com\/wp-content\/uploads\/2023\/11\/Affiche-Bruits-Blancs-230x230.jpg 230w, https:\/\/lhivernu.com\/wp-content\/uploads\/2023\/11\/Affiche-Bruits-Blancs-350x350.jpg 350w, https:\/\/lhivernu.com\/wp-content\/uploads\/2023\/11\/Affiche-Bruits-Blancs-480x480.jpg 480w, https:\/\/lhivernu.com\/wp-content\/uploads\/2023\/11\/Affiche-Bruits-Blancs.jpg 1448w\" sizes=\"(max-width: 1024px) 100vw, 1024px\" \/><\/figure>\n\n\n\n<p>Avec les musiciens : Matthieu Guillin et Lo\u00efc Varanguien de Villepin et les auteures : Marine Bedon et Juliette M\u00e9zenc.<br>Matthieu Guillin&nbsp;: Matthieu Guillin partage son travail entre la composition pour le spectacle vivant, la composition acousmatique et la performance sonore. Son parcours l\u2019a amen\u00e9 \u00e0 explorer diff\u00e9rents aspects de la musique \u00e9lectroacoustique pour diff\u00e9rentes applications. Il nourrit son travail en puisant aussi bien dans les sciences humaines comme l\u2019anthropologie ou la philosophie que dans l\u2019hybridation de sa pratique avec d\u2019autres champs artistiques.<br>Lo\u00efc Vanranguien de Villepin&nbsp;: Il se forme au Conservatoire National Sup\u00e9rieur de Bordeaux en Arts Lyrique et Dramatique entre 1996 et 2000. Puis poursuit sa formation de chanteur\/com\u00e9dien \u00e0 l\u2019occasion de stages&nbsp;: au Japon avec Yoshito Ohno en France avec Claudia Triozzi, Lo\u00efc Touz\u00e9 et Catherine Contour. Il cr\u00e9e avec Romain Jarry la compagnie des Limbes en 2001 \u00e0 Bordeaux. Ils mettent en sc\u00e8ne ensemble, depuis 20 ans, plus d\u2019une vingtaines de pi\u00e8ces, s\u2019orientant vers la cr\u00e9ation d\u2019un \u00ab&nbsp;th\u00e9\u00e2tre du po\u00e8me&nbsp;\u00bb.<br>Marine Bedon&nbsp;: Marine Bedon est philosophe de formation et autrice de po\u00e8mes et de pi\u00e8ces de th\u00e9\u00e2tre. Son premier texte dramatique, On a \u00e9gorg\u00e9 les lapins (2021), a \u00e9t\u00e9 r\u00e9compens\u00e9 par Artcena et la SACD-Beaumarchais, et soutenu par la Chartreuse de Villeneuve-Les-Avignon. Ses autres textes, Re\u00e7ue et Retour \u00e0 X ont \u00e9t\u00e9 s\u00e9lectionn\u00e9s et lus lors des festivals Texte en cours 2021 et les Nouveaux Horizons du texte 2022.<br>Juliette M\u00e9zenc&nbsp;: Juliette M\u00e9zenc \u00e9crit en C\u00e9vennes et ailleurs. Elle travaille r\u00e9guli\u00e8rement avec d\u2019autres \u00e9crivains et artistes. Ses terrains de jeu : l\u2019\u00e9criture \u00ab entre les genres \u00bb, la&nbsp;fiction transm\u00e9dia, la performance et le vid\u00e9opo\u00e8me.<\/p>\n\n\n\n<p><strong>Le programme d\u00e9taill\u00e9 :&nbsp;<a href=\"https:\/\/www.calameo.com\/books\/0056648335e9b9ec11eca\" target=\"_blank\" rel=\"noreferrer noopener\">https:\/\/www.calameo.com\/books\/0056648335e9b9ec11eca<\/a><\/strong><\/p>\n\n\n\n<p><em>Spectacle co-accueilli \u00e0 Lanu\u00e9jols avec Les Sc\u00e8nes Crois\u00e9es de Loz\u00e8res et l\u2019EPCI Mont-Loz\u00e8re<\/em><\/p>\n","protected":false},"excerpt":{"rendered":"<p>Dans le cadre de Bruits Blancs #13, d\u00e9couvrez des s\u00e9quences originales de trente minutes bas\u00e9es sur l\u2019improvisation. C\u2019est un v\u00e9ritable temps de cr\u00e9ation, o\u00f9 deux artistes qui ne se connaissent pas sont invit\u00e9s \u00e0 se d\u00e9couvrir et \u00e0 proposer une confrontation directe entre \u00e9criture litt\u00e9raire, po\u00e9tique.<\/p>\n","protected":false},"author":4,"featured_media":3769,"comment_status":"closed","ping_status":"open","sticky":false,"template":"","format":"standard","meta":{"_themeisle_gutenberg_block_has_review":false,"footnotes":""},"categories":[1],"tags":[],"class_list":["post-3768","post","type-post","status-publish","format-standard","has-post-thumbnail","hentry","category-non-classe"],"_links":{"self":[{"href":"https:\/\/lhivernu.com\/index.php\/wp-json\/wp\/v2\/posts\/3768","targetHints":{"allow":["GET"]}}],"collection":[{"href":"https:\/\/lhivernu.com\/index.php\/wp-json\/wp\/v2\/posts"}],"about":[{"href":"https:\/\/lhivernu.com\/index.php\/wp-json\/wp\/v2\/types\/post"}],"author":[{"embeddable":true,"href":"https:\/\/lhivernu.com\/index.php\/wp-json\/wp\/v2\/users\/4"}],"replies":[{"embeddable":true,"href":"https:\/\/lhivernu.com\/index.php\/wp-json\/wp\/v2\/comments?post=3768"}],"version-history":[{"count":2,"href":"https:\/\/lhivernu.com\/index.php\/wp-json\/wp\/v2\/posts\/3768\/revisions"}],"predecessor-version":[{"id":3772,"href":"https:\/\/lhivernu.com\/index.php\/wp-json\/wp\/v2\/posts\/3768\/revisions\/3772"}],"wp:featuredmedia":[{"embeddable":true,"href":"https:\/\/lhivernu.com\/index.php\/wp-json\/wp\/v2\/media\/3769"}],"wp:attachment":[{"href":"https:\/\/lhivernu.com\/index.php\/wp-json\/wp\/v2\/media?parent=3768"}],"wp:term":[{"taxonomy":"category","embeddable":true,"href":"https:\/\/lhivernu.com\/index.php\/wp-json\/wp\/v2\/categories?post=3768"},{"taxonomy":"post_tag","embeddable":true,"href":"https:\/\/lhivernu.com\/index.php\/wp-json\/wp\/v2\/tags?post=3768"}],"curies":[{"name":"wp","href":"https:\/\/api.w.org\/{rel}","templated":true}]}}