{"id":4049,"date":"2024-05-06T14:11:45","date_gmt":"2024-05-06T12:11:45","guid":{"rendered":"https:\/\/lhivernu.com\/?p=4049"},"modified":"2024-05-27T14:58:35","modified_gmt":"2024-05-27T12:58:35","slug":"mon-ptit-doigt-ma-dit","status":"publish","type":"post","link":"https:\/\/lhivernu.com\/index.php\/2024\/05\/06\/mon-ptit-doigt-ma-dit\/","title":{"rendered":"Mon P&rsquo;tit Doigt M&rsquo;a Dit"},"content":{"rendered":"\n<p><a href=\"https:\/\/lhivernu.com\/wp-content\/uploads\/2024\/04\/Flyer_Mon-ptit-doigt.pdf\">T\u00e9l\u00e9charge le flyer<\/a>, pour mieux le partager !<\/p>\n\n\n\n<div class=\"wp-block-columns alignwide is-layout-flex wp-container-core-columns-is-layout-28f84493 wp-block-columns-is-layout-flex\">\n<div class=\"wp-block-column is-layout-flow wp-block-column-is-layout-flow\">\n<p class=\"has-large-font-size\"><strong>Samedi :<\/strong><\/p>\n\n\n\n<p class=\"has-medium-font-size\"><strong>11h :<\/strong> Balade en for\u00eat <\/p>\n\n\n\n<p> glanage pour r\u00e9aliser la d\u00e9coration v\u00e9g\u00e9tale des diff\u00e9rents espaces. : pensez \u00e0 vous inscrire au 0466455647<\/p>\n\n\n\n<p class=\"has-medium-font-size\"><strong>12h30 :<\/strong> pique nique partag\u00e9&nbsp;<\/p>\n\n\n\n<p class=\"has-medium-font-size\"><strong>13h30 \u00e0 17h30 : <\/strong>Ateliers en libre participation :<\/p>\n\n\n\n<p>-Arts plastiques (peinture, sculpture, assemblages) autour de la th\u00e9matique des jardins.<\/p>\n\n\n\n<p>&#8211; bricolage: r\u00e9alisation d&rsquo;un \u00e9pouvantail collectif<\/p>\n\n\n\n<p>&#8211; \u00e9criture et arts de la parole : raconte-moi ton jardin,<\/p>\n\n\n\n<p>&#8211; cuisine : r\u00e9alise les sauces de tes r\u00eaves pour la pasta party du grand banquet \/ atelier p\u00e2tisserie<\/p>\n\n\n\n<p>&#8211; coin lecture et jeux de soci\u00e9t\u00e9s<\/p>\n\n\n\n<p class=\"has-medium-font-size\"><strong>De 14h \u00e0 15h<\/strong> : Atelier th\u00e9\u00e2tre avec la compagnie Imbido<\/p>\n\n\n\n<p>ouvert \u00e0 tous.tes, De 7 ans \u00e0 12 ans (places limit\u00e9s)<\/p>\n\n\n\n<p>\u00e9chauffement, jeux th\u00e9\u00e2traux, r\u00e9alisation de tableaux vivants. En deuxi\u00e8me partie d&rsquo;atelier, Camille Briffa propose \u00e0 celles et ceux qui veulent de r\u00e9p\u00e9ter une tr\u00e8s courte s\u00e9quence chorale, afin d&rsquo;int\u00e9grer la repr\u00e9sentation du lendemain.<\/p>\n\n\n\n<p><strong>Tout au long de l&rsquo;apr\u00e8s-midi, un grand jeu de piste te permet de d\u00e9couvrir les lieux et l&rsquo;ensemble des ateliers.<\/strong><\/p>\n\n\n\n<p class=\"has-medium-font-size\"><strong>17h30<\/strong> Repr\u00e9sentation th\u00e9\u00e2tre des enfants du foyer rural de Langlade <\/p>\n\n\n\n<p>Notre arbre, spectacle de th\u00e9\u00e2tre et d&rsquo;ombres<\/p>\n\n\n\n<p class=\"has-medium-font-size\"><strong>18h <\/strong>Concert de Laurent Montagne <\/p>\n\n\n\n<p>co-accueilli avec les Sc\u00e8nes Crois\u00e9es de Loz\u00e8re (tarif 6 euros)<\/p>\n\n\n\n<p class=\"has-medium-font-size\"><strong>A 19h :<\/strong> grand Banquet \u00e0 prix libre et conscient<\/p>\n\n\n\n<p>Le menu et les plats ont \u00e9t\u00e9 pens\u00e9 et pr\u00e9par\u00e9 avec les enfants et les adolescents : Bar \u00e0 p\u00e2tes et farandole de desserts.<\/p>\n\n\n\n<p class=\"has-medium-font-size\"><strong>20h<\/strong> Sc\u00e8ne Ouverte Enfants\/Ados<\/p>\n\n\n\n<p> (inscription n\u00e9cessaire \u00e0 l&rsquo;adresse <a href=\"mailto:communication@lhivernu.com\">communication@lhivernu.com<\/a> ou \u00e0 l&rsquo;accueil le jour m\u00eame)<\/p>\n\n\n\n<p class=\"has-large-font-size\"><strong>Dimanche :<\/strong><\/p>\n\n\n\n<p class=\"has-medium-font-size\"><strong>10h30<\/strong> Atelier Danse Parents\/Enfants (45 minutes \u00e0 1h)<\/p>\n\n\n\n<p>&nbsp;&nbsp;&nbsp; &nbsp;&nbsp;&nbsp; \u00c0 travers des propositions ludiques adapt\u00e9es, chacun pourra choisir des fa\u00e7ons de se mouvoir, d&rsquo;entrer dans la danse et de communiquer corporellement, de se rencontrer et de s&rsquo;entraider, de cr\u00e9er, d&rsquo;entrer en r\u00e9sonance avec la musique, l&rsquo;espace, les autres \u00e0 son propre rythme.<\/p>\n\n\n\n<p class=\"has-medium-font-size\"><strong>10h30-12h30<\/strong> Reprise des ateliers  <\/p>\n\n\n\n<p>arts plastiques \/ construction \/ \u00e9criture \/ atelier p\u00e2tisseries<\/p>\n\n\n\n<p>coin lecture et jeux de soci\u00e9t\u00e9s<\/p>\n\n\n\n<p class=\"has-medium-font-size\"><strong>Pique-nique et grillade partag\u00e9 le midi<\/strong><\/p>\n\n\n\n<p class=\"has-medium-font-size\"><strong>14h<\/strong> Repr\u00e9sentations amateurs<\/p>\n\n\n\n<p>atelier th\u00e9\u00e2tre de Langlade-Brenoux \/ atelier th\u00e9\u00e2tre d&rsquo;Ispagnac \/ atelier th\u00e9\u00e2tre du coll\u00e8ge Henri Bourillon (Mende)\/ Option th\u00e9\u00e2tre du lyc\u00e9e Chaptal&nbsp;<\/p>\n\n\n\n<p class=\"has-medium-font-size\"><strong>vers 16h30-17h<\/strong><\/p>\n\n\n\n<p>D\u00e9fil\u00e9 de g\u00e2teau et inauguration de l&rsquo;exposition r\u00e9alis\u00e9e tout au long du week-end<\/p>\n\n\n\n<p>Cl\u00f4ture collective<\/p>\n<\/div>\n<\/div>\n\n\n\n<div class=\"wp-block-columns is-layout-flex wp-container-core-columns-is-layout-28f84493 wp-block-columns-is-layout-flex\">\n<div class=\"wp-block-column is-layout-flow wp-block-column-is-layout-flow\">\n<p><strong>Informations<\/strong> \u00e0 l&rsquo;adresse : communication@lhivernu.com<\/p>\n\n\n\n<p>Nous vous rappelons que l&rsquo;\u00e9v\u00e8nement est \u00e0 prix libre et conscient et que c&rsquo;est votre participation aussi infime soit-elle qui nous aide \u00e0 proposer ce week-end aux enfants.<\/p>\n\n\n\n<p><\/p>\n\n\n\n<p><\/p>\n<\/div>\n<\/div>\n","protected":false},"excerpt":{"rendered":"<p>Programme d\u00e9taill\u00e9 du week-end<\/p>\n","protected":false},"author":4,"featured_media":4054,"comment_status":"closed","ping_status":"open","sticky":false,"template":"","format":"standard","meta":{"_themeisle_gutenberg_block_has_review":false,"footnotes":""},"categories":[1],"tags":[],"class_list":["post-4049","post","type-post","status-publish","format-standard","has-post-thumbnail","hentry","category-non-classe"],"_links":{"self":[{"href":"https:\/\/lhivernu.com\/index.php\/wp-json\/wp\/v2\/posts\/4049","targetHints":{"allow":["GET"]}}],"collection":[{"href":"https:\/\/lhivernu.com\/index.php\/wp-json\/wp\/v2\/posts"}],"about":[{"href":"https:\/\/lhivernu.com\/index.php\/wp-json\/wp\/v2\/types\/post"}],"author":[{"embeddable":true,"href":"https:\/\/lhivernu.com\/index.php\/wp-json\/wp\/v2\/users\/4"}],"replies":[{"embeddable":true,"href":"https:\/\/lhivernu.com\/index.php\/wp-json\/wp\/v2\/comments?post=4049"}],"version-history":[{"count":6,"href":"https:\/\/lhivernu.com\/index.php\/wp-json\/wp\/v2\/posts\/4049\/revisions"}],"predecessor-version":[{"id":4087,"href":"https:\/\/lhivernu.com\/index.php\/wp-json\/wp\/v2\/posts\/4049\/revisions\/4087"}],"wp:featuredmedia":[{"embeddable":true,"href":"https:\/\/lhivernu.com\/index.php\/wp-json\/wp\/v2\/media\/4054"}],"wp:attachment":[{"href":"https:\/\/lhivernu.com\/index.php\/wp-json\/wp\/v2\/media?parent=4049"}],"wp:term":[{"taxonomy":"category","embeddable":true,"href":"https:\/\/lhivernu.com\/index.php\/wp-json\/wp\/v2\/categories?post=4049"},{"taxonomy":"post_tag","embeddable":true,"href":"https:\/\/lhivernu.com\/index.php\/wp-json\/wp\/v2\/tags?post=4049"}],"curies":[{"name":"wp","href":"https:\/\/api.w.org\/{rel}","templated":true}]}}