{"id":5064,"date":"2025-12-01T12:27:47","date_gmt":"2025-12-01T11:27:47","guid":{"rendered":"https:\/\/lhivernu.com\/?p=5064"},"modified":"2026-01-19T16:06:54","modified_gmt":"2026-01-19T15:06:54","slug":"a-la-fabrique-banquet-dhiver-ecrire-aux-milieux-06-dec-2025","status":"publish","type":"post","link":"https:\/\/lhivernu.com\/index.php\/2025\/12\/01\/a-la-fabrique-banquet-dhiver-ecrire-aux-milieux-06-dec-2025\/","title":{"rendered":"A LA FABRIQUE &#8211; Banquet d&rsquo;hiver &#8211; \u00c9crire aux milieux &#8211; 06 d\u00e9cembre 2025"},"content":{"rendered":"\n<h4 class=\"wp-block-heading\">En partenariat avec le Four \u00e0 pain &#8211; Caussignac<\/h4>\n\n\n\n<figure class=\"wp-block-image size-large is-resized\"><img fetchpriority=\"high\" decoding=\"async\" width=\"2398\" height=\"1799\" src=\"https:\/\/lhivernu.com\/wp-content\/uploads\/2025\/12\/Laurence_Vilaine_VERTIC\u00a9JD-Billaud-edited.jpeg\" alt=\"\" class=\"wp-image-5066\" style=\"aspect-ratio:1.3329627570872706;width:458px;height:auto\" srcset=\"https:\/\/lhivernu.com\/wp-content\/uploads\/2025\/12\/Laurence_Vilaine_VERTIC\u00a9JD-Billaud-edited.jpeg 2398w, https:\/\/lhivernu.com\/wp-content\/uploads\/2025\/12\/Laurence_Vilaine_VERTIC\u00a9JD-Billaud-edited-300x225.jpeg 300w, https:\/\/lhivernu.com\/wp-content\/uploads\/2025\/12\/Laurence_Vilaine_VERTIC\u00a9JD-Billaud-edited-1024x768.jpeg 1024w, https:\/\/lhivernu.com\/wp-content\/uploads\/2025\/12\/Laurence_Vilaine_VERTIC\u00a9JD-Billaud-edited-768x576.jpeg 768w, https:\/\/lhivernu.com\/wp-content\/uploads\/2025\/12\/Laurence_Vilaine_VERTIC\u00a9JD-Billaud-edited-1536x1152.jpeg 1536w, https:\/\/lhivernu.com\/wp-content\/uploads\/2025\/12\/Laurence_Vilaine_VERTIC\u00a9JD-Billaud-edited-2048x1536.jpeg 2048w, https:\/\/lhivernu.com\/wp-content\/uploads\/2025\/12\/Laurence_Vilaine_VERTIC\u00a9JD-Billaud-edited-830x623.jpeg 830w, https:\/\/lhivernu.com\/wp-content\/uploads\/2025\/12\/Laurence_Vilaine_VERTIC\u00a9JD-Billaud-edited-230x173.jpeg 230w, https:\/\/lhivernu.com\/wp-content\/uploads\/2025\/12\/Laurence_Vilaine_VERTIC\u00a9JD-Billaud-edited-350x263.jpeg 350w, https:\/\/lhivernu.com\/wp-content\/uploads\/2025\/12\/Laurence_Vilaine_VERTIC\u00a9JD-Billaud-edited-480x360.jpeg 480w\" sizes=\"(max-width: 2398px) 100vw, 2398px\" \/><figcaption class=\"wp-element-caption\">\u00a9 JD Billaud<\/figcaption><\/figure>\n\n\n\n<h4 class=\"wp-block-heading\">BANQUET &#8211; samedi 20 sept<\/h4>\n\n\n\n<ul class=\"wp-block-list\">\n<li><strong>16h \u00e0 18h<\/strong> : Nathalie Massenet, artiste-artisanne, invite petits et grands pour un <strong>atelier d\u2019explorations manuelles<\/strong> (peinture, terre, bois\u2026) <strong>PAF 5 \u20ac<\/strong><\/li>\n\n\n\n<li><strong>19h<\/strong> :&nbsp;rencontre avec \ud835\udddf\ud835\uddee\ud835\ude02\ud835\uddff\ud835\uddf2\ud835\uddfb\ud835\uddf0\ud835\uddf2 \ud835\udde9\ud835\uddf6\ud835\uddf9\ud835\uddee\ud835\uddf6\ud835\uddfb\ud835\uddf2 &#8211; lecture d&rsquo;extraits de son roman \ud835\ude13<a href=\"https:\/\/www.zulma.fr\/livre\/la-geante-3\/\" data-type=\"link\" data-id=\"https:\/\/www.zulma.fr\/livre\/la-geante-3\/\">\ud835\ude22 \ud835\ude0e\ud835\ude26\u0301\ud835\ude22\ud835\ude2f\ud835\ude35\ud835\ude26 publi\u00e9 aux \u00e9ditions Zulma en 2022 entrecou<\/a>p\u00e9e de discussions avec le public.<\/li>\n\n\n\n<li><strong>20h30<\/strong> : <strong>banquet \u00e0 prix libre<\/strong><\/li>\n<\/ul>\n\n\n\n<div style=\"height:36px\" aria-hidden=\"true\" class=\"wp-block-spacer\"><\/div>\n\n\n\n<h5 class=\"wp-block-heading\">LA G\u00c9ANTE<\/h5>\n\n\n\n<blockquote class=\"wp-block-quote is-layout-flow wp-block-quote-is-layout-flow\">\n<p>No\u00eble a toujours v\u00e9cu au pied de la G\u00e9ante, la montagne immuable qui impose son rythme, fournit les fagots pour l\u2019hiver, bleuet, bourrache, gentiane pour les tisanes et les onguents. Elle a appris le pouvoir des plantes gr\u00e2ce \u00e0 la Tante qui les a recueillis, elle et son fr\u00e8re Rimbaud qui ne parle pas mais chante avec le petit-duc.&nbsp;No\u00eble&nbsp;sait qu\u2019on ne peut rien attendre du ciel, et n\u2019a plus lev\u00e9 les yeux vers le soleil depuis longtemps\u2026<br>Quand surgit dans son existence l\u2019histoire de deux inconnus, elle d\u00e9couvre par effraction ce que peut \u00eatre le d\u00e9sir, le manque, l\u2019amour qui porte ou qui encombre, elle s\u2019ouvre au pouvoir des mots.<br>Au c\u0153ur d\u2019une nature grandiose, un roman sensible et habit\u00e9 sur l\u2019amour et les vies r\u00eav\u00e9es, sur le mensonge et les sentiers qui m\u00e8nent \u00e0 la clart\u00e9.<\/p>\n<\/blockquote>\n","protected":false},"excerpt":{"rendered":"<p>Pens\u00e9 comme une rencontre entre des \u00e9critures, un milieu et ses habitant-es le banquet de d\u00e9cembre accueille l&rsquo;\u00e9crivaine Laurence Vilaine. Avec Le Four \u00e0 Pain &#8211; Caussignac<\/p>\n","protected":false},"author":4,"featured_media":5069,"comment_status":"closed","ping_status":"closed","sticky":false,"template":"","format":"standard","meta":{"_themeisle_gutenberg_block_has_review":false,"footnotes":""},"categories":[1,8],"tags":[],"class_list":["post-5064","post","type-post","status-publish","format-standard","has-post-thumbnail","hentry","category-non-classe","category-le-viala"],"_links":{"self":[{"href":"https:\/\/lhivernu.com\/index.php\/wp-json\/wp\/v2\/posts\/5064","targetHints":{"allow":["GET"]}}],"collection":[{"href":"https:\/\/lhivernu.com\/index.php\/wp-json\/wp\/v2\/posts"}],"about":[{"href":"https:\/\/lhivernu.com\/index.php\/wp-json\/wp\/v2\/types\/post"}],"author":[{"embeddable":true,"href":"https:\/\/lhivernu.com\/index.php\/wp-json\/wp\/v2\/users\/4"}],"replies":[{"embeddable":true,"href":"https:\/\/lhivernu.com\/index.php\/wp-json\/wp\/v2\/comments?post=5064"}],"version-history":[{"count":13,"href":"https:\/\/lhivernu.com\/index.php\/wp-json\/wp\/v2\/posts\/5064\/revisions"}],"predecessor-version":[{"id":5084,"href":"https:\/\/lhivernu.com\/index.php\/wp-json\/wp\/v2\/posts\/5064\/revisions\/5084"}],"wp:featuredmedia":[{"embeddable":true,"href":"https:\/\/lhivernu.com\/index.php\/wp-json\/wp\/v2\/media\/5069"}],"wp:attachment":[{"href":"https:\/\/lhivernu.com\/index.php\/wp-json\/wp\/v2\/media?parent=5064"}],"wp:term":[{"taxonomy":"category","embeddable":true,"href":"https:\/\/lhivernu.com\/index.php\/wp-json\/wp\/v2\/categories?post=5064"},{"taxonomy":"post_tag","embeddable":true,"href":"https:\/\/lhivernu.com\/index.php\/wp-json\/wp\/v2\/tags?post=5064"}],"curies":[{"name":"wp","href":"https:\/\/api.w.org\/{rel}","templated":true}]}}