{"id":5090,"date":"2026-01-19T16:06:24","date_gmt":"2026-01-19T15:06:24","guid":{"rendered":"https:\/\/lhivernu.com\/?p=5090"},"modified":"2026-02-17T16:50:19","modified_gmt":"2026-02-17T15:50:19","slug":"a-la-fabrique-banquet-sans-frontieres-07-fevrier-2026","status":"publish","type":"post","link":"https:\/\/lhivernu.com\/index.php\/2026\/01\/19\/a-la-fabrique-banquet-sans-frontieres-07-fevrier-2026\/","title":{"rendered":"A LA FABRIQUE &#8211; Banquet Sans fronti\u00e8res &#8211; 07 f\u00e9vrier 2026"},"content":{"rendered":"\n<figure class=\"wp-block-image size-full is-resized\"><img fetchpriority=\"high\" decoding=\"async\" width=\"940\" height=\"788\" src=\"https:\/\/lhivernu.com\/wp-content\/uploads\/2026\/01\/25-02-07-Banquet-sans-frontieres.png\" alt=\"&quot;Chaque ann\u00e9e en f\u00e9vrier, notre banquet est l\u2019occasion de tisser des liens avec les habitant.e.s de Loz\u00e8re qui arrivent de loin, souvent par des chemins plein d\u2019emb\u00fbches...&quot;\" class=\"wp-image-5091\" style=\"aspect-ratio:1.1928934010152283;width:457px;height:auto\" srcset=\"https:\/\/lhivernu.com\/wp-content\/uploads\/2026\/01\/25-02-07-Banquet-sans-frontieres.png 940w, https:\/\/lhivernu.com\/wp-content\/uploads\/2026\/01\/25-02-07-Banquet-sans-frontieres-300x251.png 300w, https:\/\/lhivernu.com\/wp-content\/uploads\/2026\/01\/25-02-07-Banquet-sans-frontieres-768x644.png 768w, https:\/\/lhivernu.com\/wp-content\/uploads\/2026\/01\/25-02-07-Banquet-sans-frontieres-830x696.png 830w, https:\/\/lhivernu.com\/wp-content\/uploads\/2026\/01\/25-02-07-Banquet-sans-frontieres-230x193.png 230w, https:\/\/lhivernu.com\/wp-content\/uploads\/2026\/01\/25-02-07-Banquet-sans-frontieres-350x293.png 350w, https:\/\/lhivernu.com\/wp-content\/uploads\/2026\/01\/25-02-07-Banquet-sans-frontieres-480x402.png 480w\" sizes=\"(max-width: 940px) 100vw, 940px\" \/><\/figure>\n\n\n\n<div style=\"height:39px\" aria-hidden=\"true\" class=\"wp-block-spacer\"><\/div>\n\n\n\n<p><strong><em>Avec le Four \u00e0 pain &#8211; Caussignac et en pr\u00e9sence de RESF, et des habitant.e.s solidaires Loz\u00e8re<\/em><\/strong><\/p>\n\n\n\n<p>Chaque ann\u00e9e en f\u00e9vrier, notre banquet est l\u2019occasion de tisser des liens avec les habitant.e.s de Loz\u00e8re qui arrivent de loin, souvent par des chemins plein d\u2019emb\u00fbches. Avec les associations impliqu\u00e9es ici dans l\u2019accueil de migrant.e.s, nous voulons en faire un moment qui m\u00eale la f\u00eate, la convivialit\u00e9, mais aussi la prise de conscience d\u2019une r\u00e9alit\u00e9 difficile. Cette ann\u00e9e, nous sommes particuli\u00e8rement heureuses et heureux que Marie-Jos\u00e9 Mondzain, philosophe et \u00e9crivaine, participe \u00e0 cette journ\u00e9e avec nous.<\/p>\n\n\n\n<h2 class=\"wp-block-heading\">AU PROGRAMME<\/h2>\n\n\n\n<ul class=\"wp-block-list\">\n<li><strong>D\u00e8s 15h :&nbsp;<\/strong>pr\u00e9paration du repas du soir, avec nos chef.fe.s cuisinier.e.s venu.e.s des quatre coins du monde. Toutes les mains sont bienvenu.e.s pour nous aider \u00e0 r\u00e9aliser un menu aux mille saveurs.<\/li>\n<\/ul>\n\n\n\n<ul class=\"wp-block-list\">\n<li><strong>De 16h \u00e0 18h :&nbsp;<\/strong>atelier d\u2019explorations plastiques avec Nathalie Massenet, artiste-artisane. <strong>PAF 5 euros.<\/strong><br>Ensemble, r\u00e9alisons une structure (type arbre \u00e0 v\u0153ux, cabane, abris\u2026.)qui nous permettra d\u2019accrocher des v\u0153ux, des souhaits, des initiatives personnelles et collectives autour de la notion d&rsquo;accueil.<\/li>\n<\/ul>\n\n\n\n<ul class=\"wp-block-list\">\n<li><strong>\u00e0 partir de 17h :<\/strong>&nbsp;<strong>partage de chants et pr\u00e9paration d\u2019une playlist musicale du tour <\/strong>du monde.<\/li>\n<\/ul>\n\n\n\n<ul class=\"wp-block-list\">\n<li><strong>19h :<\/strong>&nbsp;<strong>rencontre avec l&rsquo;\u00e9crivaine et philosophe Marie-Jos\u00e9 Mondzain<\/strong>,&nbsp;en pr\u00e9sence de membres de RESF et des habitant.e.s solidaires.&nbsp;Lecture d\u2019extraits et discussions \u00e0 partir de son livre :&nbsp;<em>Accueillir : Venu(e)s d&rsquo;un ventre ou d&rsquo;un pays&nbsp;<\/em>publi\u00e9 en 2023.<\/li>\n\n\n\n<li><strong>20h30 :&nbsp;Banquet milles saveurs<\/strong><br><strong>Prix libre<\/strong><\/li>\n<\/ul>\n\n\n\n<p>Les b\u00e9n\u00e9fices du banquet seront revers\u00e9s aux associations d\u2019aide aux personnes migrantes.<\/p>\n\n\n\n<p><strong>Renseignements et r\u00e9servations :<\/strong> <a href=\"tel:0466455647\">04 66 45 56 47<\/a>&nbsp;\/&nbsp;<a href=\"mailto:communication@lhivernu.com\">communication@lhivernu.com<\/a><\/p>\n\n\n\n<hr class=\"wp-block-separator has-alpha-channel-opacity\"\/>\n\n\n\n<div class=\"wp-block-columns is-layout-flex wp-container-core-columns-is-layout-28f84493 wp-block-columns-is-layout-flex\">\n<div class=\"wp-block-column is-layout-flow wp-block-column-is-layout-flow\" style=\"flex-basis:66.66%\">\n<p><strong>Marie-Jos\u00e9 Mondzain<\/strong><br>n\u00e9e le 18 janvier 1942 &nbsp;\u00e0&nbsp; Alger, philosophe, sp\u00e9cialiste de l&rsquo;art et des images, \u00e9crivaine&nbsp; et directrice de recherche \u00e9m\u00e9rite au CNRS. Elle est la fille du peintre &nbsp;Simon Mondzain(1888-1979), de l\u2019Ecole de Paris. Elle \u00e9tudie \u00e0 l\u2019Ecole normale sup\u00e9rieure de S\u00e8vres avant de faire une carri\u00e8re universitaire comme directrice de recherche au Groupe de sociologie politique et morale, centre de recherche commun \u00e0 l\u2019EHESS et au CNRS. Elle s&rsquo;est sp\u00e9cialis\u00e9e dans l&rsquo;\u00e9tude du rapport aux images, de l\u2019iclonoclasme de la p\u00e9riode byzantine jusqu&rsquo;aux repr\u00e9sentations modernes (publicit\u00e9, propagande, actualit\u00e9s, ainsi que celles de l\u2019art contemporain. Le 30 novembre 2015, elle est parmi les signataires de <em>l\u2019Appel des 5<\/em>8&nbsp;: \u00ab&nbsp;Nous manifesterons pendant l\u2019\u00e9tat d\u2019urgence. Au printemps 2016, elle est pr\u00e9sente lors du mouvement <em>Nuit debout<\/em>, sur la place de la R\u00e9publique \u00e0 Paris.<br><strong>En publiant <em>Accueillir, Venu(e)s d&rsquo;un ventre ou d&rsquo;un pays<\/em> elle souligne qu&rsquo;il faut de \u00ab\u00a0l&rsquo;attention radicale \u00e0 donner \u00e0 toute arriv\u00e9e, \u00e0 tout arrivant\u00a0\u00bb.<\/strong>\u00ab\u00a0Na\u00eetre\u00a0\u00bb se dit de venir au monde mais \u00ab\u00a0Na\u00eetre\u00a0\u00bb ne suffit pas, encore faut-il \u00eatre adopt\u00e9<\/p>\n<\/div>\n\n\n\n<div class=\"wp-block-column is-layout-flow wp-block-column-is-layout-flow\" style=\"flex-basis:33.33%\">\n<figure class=\"wp-block-image size-full is-resized\"><img decoding=\"async\" width=\"302\" height=\"448\" src=\"https:\/\/lhivernu.com\/wp-content\/uploads\/2026\/01\/mjmpolitis-3.jpg\" alt=\"\" class=\"wp-image-5096\" style=\"aspect-ratio:0.6741071428571429;width:277px;height:auto\" srcset=\"https:\/\/lhivernu.com\/wp-content\/uploads\/2026\/01\/mjmpolitis-3.jpg 302w, https:\/\/lhivernu.com\/wp-content\/uploads\/2026\/01\/mjmpolitis-3-202x300.jpg 202w, https:\/\/lhivernu.com\/wp-content\/uploads\/2026\/01\/mjmpolitis-3-230x341.jpg 230w\" sizes=\"(max-width: 302px) 100vw, 302px\" \/><\/figure>\n<\/div>\n<\/div>\n\n\n\n<div class=\"wp-block-columns is-layout-flex wp-container-core-columns-is-layout-28f84493 wp-block-columns-is-layout-flex\">\n<div class=\"wp-block-column is-layout-flow wp-block-column-is-layout-flow\" style=\"flex-basis:33.33%\">\n<figure class=\"wp-block-image size-full\"><img decoding=\"async\" width=\"374\" height=\"570\" src=\"https:\/\/lhivernu.com\/wp-content\/uploads\/2026\/01\/Livre-MJM-1.png\" alt=\"\" class=\"wp-image-5097\" srcset=\"https:\/\/lhivernu.com\/wp-content\/uploads\/2026\/01\/Livre-MJM-1.png 374w, https:\/\/lhivernu.com\/wp-content\/uploads\/2026\/01\/Livre-MJM-1-197x300.png 197w, https:\/\/lhivernu.com\/wp-content\/uploads\/2026\/01\/Livre-MJM-1-230x351.png 230w, https:\/\/lhivernu.com\/wp-content\/uploads\/2026\/01\/Livre-MJM-1-350x533.png 350w\" sizes=\"(max-width: 374px) 100vw, 374px\" \/><\/figure>\n<\/div>\n\n\n\n<div class=\"wp-block-column is-layout-flow wp-block-column-is-layout-flow\" style=\"flex-basis:66.66%\">\n<p> <strong>Bibliographie (s\u00e9lective)<\/strong><\/p>\n\n\n\n<ul class=\"wp-block-list\">\n<li><em>Discours contre les iconoclastes, Nic\u00e9phore<\/em>, (trad. du grec, pr\u00e9sentation et notes par Marie-Jos\u00e9 Mondzain-Baudinet), Paris, Klincksieck,<\/li>\n<\/ul>\n\n\n\n<ul class=\"wp-block-list\">\n<li><em>L\u2019Image naturelle<\/em>, Le Nouveau commerce, 1995<\/li>\n<\/ul>\n\n\n\n<ul class=\"wp-block-list\">\n<li><em>Image, ic\u00f4ne, \u00e9conomie&nbsp;: Les sources byzantines de l\u2019imaginaire contemporain, Seuil<\/em>, 1996<\/li>\n<\/ul>\n\n\n\n<ul class=\"wp-block-list\">\n<li><em>Van Gogh ou La peinture comme tauromachie<\/em>, \u00c9pure, 1996<\/li>\n<\/ul>\n\n\n\n<ul class=\"wp-block-list\">\n<li><em>L&rsquo;image peut-elle tuer&nbsp;?, Bayard<\/em>, 2002<\/li>\n<\/ul>\n\n\n\n<ul class=\"wp-block-list\">\n<li><em>Le Commerce des regards<\/em>, Seuil, &nbsp;2003<\/li>\n<\/ul>\n\n\n\n<ul class=\"wp-block-list\">\n<li><em>L&rsquo;Arche et l&rsquo;arc-en-ciel&nbsp;: Michel Ange, la vo\u00fbte de la chapelle Sixtine, Le Passage, <\/em>2006<\/li>\n<\/ul>\n\n\n\n<ul class=\"wp-block-list\">\n<li><em>Homo spectator, Bayard<\/em>, 2007<\/li>\n<\/ul>\n\n\n\n<ul class=\"wp-block-list\">\n<li><em>Qu\u2019est-ce que tu vois&nbsp;?, Gallimard<\/em>, 2008<\/li>\n<\/ul>\n\n\n\n<ul class=\"wp-block-list\">\n<li><em>Images (\u00e0 suivre). De la poursuite au cin\u00e9ma et ailleurs<\/em>,Bayard, 2011<\/li>\n\n\n\n<li><em>Confiscation&nbsp;: Des mots, des images et du temps<\/em>, Les liens qui lib\u00e8rent, 2017<\/li>\n<\/ul>\n\n\n\n<ul class=\"wp-block-list\">\n<li><em>K comme Kolonie. Kafka et la d\u00e9colonisation de l&rsquo;imaginaire<\/em>, La Fabrique, 2020<\/li>\n<\/ul>\n\n\n\n<ul class=\"wp-block-list\">\n<li><em>Accueillir&nbsp;: Venu(e)s d&rsquo;un ventre ou d&rsquo;un pays<\/em>, Les Liens qui lib\u00e8rent, 2023<\/li>\n<\/ul>\n<\/div>\n<\/div>\n","protected":false},"excerpt":{"rendered":"<p>\u00ab\u00a0Chaque ann\u00e9e en f\u00e9vrier, notre banquet est l\u2019occasion de tisser des liens avec les habitant.e.s de Loz\u00e8re qui arrivent de loin, souvent par des chemins plein d\u2019emb\u00fbches&#8230;\u00a0\u00bb<\/p>\n","protected":false},"author":4,"featured_media":5091,"comment_status":"closed","ping_status":"closed","sticky":false,"template":"","format":"standard","meta":{"_themeisle_gutenberg_block_has_review":false,"footnotes":""},"categories":[1,8],"tags":[],"class_list":["post-5090","post","type-post","status-publish","format-standard","has-post-thumbnail","hentry","category-non-classe","category-le-viala"],"_links":{"self":[{"href":"https:\/\/lhivernu.com\/index.php\/wp-json\/wp\/v2\/posts\/5090","targetHints":{"allow":["GET"]}}],"collection":[{"href":"https:\/\/lhivernu.com\/index.php\/wp-json\/wp\/v2\/posts"}],"about":[{"href":"https:\/\/lhivernu.com\/index.php\/wp-json\/wp\/v2\/types\/post"}],"author":[{"embeddable":true,"href":"https:\/\/lhivernu.com\/index.php\/wp-json\/wp\/v2\/users\/4"}],"replies":[{"embeddable":true,"href":"https:\/\/lhivernu.com\/index.php\/wp-json\/wp\/v2\/comments?post=5090"}],"version-history":[{"count":6,"href":"https:\/\/lhivernu.com\/index.php\/wp-json\/wp\/v2\/posts\/5090\/revisions"}],"predecessor-version":[{"id":5119,"href":"https:\/\/lhivernu.com\/index.php\/wp-json\/wp\/v2\/posts\/5090\/revisions\/5119"}],"wp:featuredmedia":[{"embeddable":true,"href":"https:\/\/lhivernu.com\/index.php\/wp-json\/wp\/v2\/media\/5091"}],"wp:attachment":[{"href":"https:\/\/lhivernu.com\/index.php\/wp-json\/wp\/v2\/media?parent=5090"}],"wp:term":[{"taxonomy":"category","embeddable":true,"href":"https:\/\/lhivernu.com\/index.php\/wp-json\/wp\/v2\/categories?post=5090"},{"taxonomy":"post_tag","embeddable":true,"href":"https:\/\/lhivernu.com\/index.php\/wp-json\/wp\/v2\/tags?post=5090"}],"curies":[{"name":"wp","href":"https:\/\/api.w.org\/{rel}","templated":true}]}}