{"id":5114,"date":"2026-01-26T13:37:04","date_gmt":"2026-01-26T12:37:04","guid":{"rendered":"https:\/\/lhivernu.com\/?p=5114"},"modified":"2026-01-27T12:17:06","modified_gmt":"2026-01-27T11:17:06","slug":"avec-lhiver-nu-tournee-tartuffe-10-et-14-fevrier-2026","status":"publish","type":"post","link":"https:\/\/lhivernu.com\/index.php\/2026\/01\/26\/avec-lhiver-nu-tournee-tartuffe-10-et-14-fevrier-2026\/","title":{"rendered":"TROUPE AMATEUR DE L\u2019HIVER NU \u2013 Tartuffe en tourn\u00e9e \u2013 10 et 14 F\u00e9vrier 2026"},"content":{"rendered":"\n<figure class=\"wp-block-image size-large is-resized\"><img fetchpriority=\"high\" decoding=\"async\" width=\"1024\" height=\"576\" src=\"https:\/\/lhivernu.com\/wp-content\/uploads\/2026\/01\/PA3-1024x576.jpg\" alt=\"\" class=\"wp-image-5115\" style=\"aspect-ratio:1.7777777777777777;width:537px;height:auto\" srcset=\"https:\/\/lhivernu.com\/wp-content\/uploads\/2026\/01\/PA3-1024x576.jpg 1024w, https:\/\/lhivernu.com\/wp-content\/uploads\/2026\/01\/PA3-300x169.jpg 300w, https:\/\/lhivernu.com\/wp-content\/uploads\/2026\/01\/PA3-768x432.jpg 768w, https:\/\/lhivernu.com\/wp-content\/uploads\/2026\/01\/PA3-1536x864.jpg 1536w, https:\/\/lhivernu.com\/wp-content\/uploads\/2026\/01\/PA3-2048x1152.jpg 2048w, https:\/\/lhivernu.com\/wp-content\/uploads\/2026\/01\/PA3-830x467.jpg 830w, https:\/\/lhivernu.com\/wp-content\/uploads\/2026\/01\/PA3-230x129.jpg 230w, https:\/\/lhivernu.com\/wp-content\/uploads\/2026\/01\/PA3-350x197.jpg 350w, https:\/\/lhivernu.com\/wp-content\/uploads\/2026\/01\/PA3-480x270.jpg 480w\" sizes=\"(max-width: 1024px) 100vw, 1024px\" \/><\/figure>\n\n\n\n<div style=\"height:42px\" aria-hidden=\"true\" class=\"wp-block-spacer\"><\/div>\n\n\n\n<p>Apr\u00e8s avoir connu un grand succ\u00e8s au banquet de septembre dernier \u00e0 la Fabrique du Viala, l&rsquo;adaptation de <em>Tartuffe <\/em>par la troupe amateur de l&rsquo;hiver nu sera jou\u00e9e deux fois en f\u00e9vrier 2026.<strong>&nbsp;Venez d\u00e9couvrir ou red\u00e9couvrir cette c\u00e9l\u00e8bre com\u00e9die de Moli\u00e8re.<\/strong><\/p>\n\n\n\n<ul class=\"wp-block-list\">\n<li><strong>mardi 10 f\u00e9vrier 2026<\/strong> \u00e0 20h30 au Th\u00e9\u00e2tre Th\u00e9\u00e2tre de Bagnols-les-bains<\/li>\n\n\n\n<li><strong>samedi 14 f\u00e9vrier 2026 <\/strong>\u00e0 20h30 au Foyer Rural de Langlade-Brenoux<\/li>\n<\/ul>\n\n\n\n<h5 class=\"wp-block-heading\">TARTUFFE<\/h5>\n\n\n\n<h6 class=\"wp-block-heading\"><em><strong>d\u2019apr\u00e8s la pi\u00e8ce de Moli\u00e8re, par la troupe amateure de l\u2019hiver nu<\/strong><\/em><\/h6>\n\n\n\n<p>Orgon, bourgeois fortun\u00e9 et charitable, recueille Tartuffe, homme d\u2019\u00e9glise sans le sou. Les proches d\u2019Orgon r\u00e9alisent rapidement que le soi-disant homme de Dieu n\u2019est en fait qu\u2019un imposteur. Maniant l\u2019hypocrisie comme personne, Tartuffe manipule Orgon au point de s\u2019approprier sa fortune, d\u2019\u00e9pouser sa fille et de suborner sa femme Elmire\u2026\u00a0\u00bb<\/p>\n\n\n\n<p><strong>Avec<\/strong> Eddie Balaye, Eliza Christofi, V\u00e9ronique Dubus, Philippe Fromont, Claire Masson, Sabine Muslewski, Barbara Plouznikoff, Serge Poulalion-Dides, Ali Soro.<br><strong>Mise en sc\u00e8ne :<\/strong> Claire Perraudeau<\/p>\n\n\n\n<p><strong>Renseignements et r\u00e9servations :&nbsp;<\/strong><a rel=\"noreferrer noopener\" href=\"tel:0466455647\" target=\"_blank\"><strong>04 66 45 56 47<\/strong><\/a> \/&nbsp;<a rel=\"noreferrer noopener\" href=\"mailto:contact@lhivernu.com\" target=\"_blank\">communication@lhivernu.com<\/a><\/p>\n","protected":false},"excerpt":{"rendered":"<p>Apr\u00e8s avoir connu un grand succ\u00e8s au banquet de septembre dernier \u00e0 la Fabrique du Viala, l&rsquo;adaptation de Tartuffe par la troupe amateur de l&rsquo;hiver nu sera jou\u00e9e deux fois en f\u00e9vrier 2026.<\/p>\n","protected":false},"author":4,"featured_media":4747,"comment_status":"closed","ping_status":"closed","sticky":false,"template":"","format":"standard","meta":{"_themeisle_gutenberg_block_has_review":false,"footnotes":""},"categories":[2],"tags":[],"class_list":["post-5114","post","type-post","status-publish","format-standard","has-post-thumbnail","hentry","category-agenda"],"_links":{"self":[{"href":"https:\/\/lhivernu.com\/index.php\/wp-json\/wp\/v2\/posts\/5114","targetHints":{"allow":["GET"]}}],"collection":[{"href":"https:\/\/lhivernu.com\/index.php\/wp-json\/wp\/v2\/posts"}],"about":[{"href":"https:\/\/lhivernu.com\/index.php\/wp-json\/wp\/v2\/types\/post"}],"author":[{"embeddable":true,"href":"https:\/\/lhivernu.com\/index.php\/wp-json\/wp\/v2\/users\/4"}],"replies":[{"embeddable":true,"href":"https:\/\/lhivernu.com\/index.php\/wp-json\/wp\/v2\/comments?post=5114"}],"version-history":[{"count":8,"href":"https:\/\/lhivernu.com\/index.php\/wp-json\/wp\/v2\/posts\/5114\/revisions"}],"predecessor-version":[{"id":5131,"href":"https:\/\/lhivernu.com\/index.php\/wp-json\/wp\/v2\/posts\/5114\/revisions\/5131"}],"wp:featuredmedia":[{"embeddable":true,"href":"https:\/\/lhivernu.com\/index.php\/wp-json\/wp\/v2\/media\/4747"}],"wp:attachment":[{"href":"https:\/\/lhivernu.com\/index.php\/wp-json\/wp\/v2\/media?parent=5114"}],"wp:term":[{"taxonomy":"category","embeddable":true,"href":"https:\/\/lhivernu.com\/index.php\/wp-json\/wp\/v2\/categories?post=5114"},{"taxonomy":"post_tag","embeddable":true,"href":"https:\/\/lhivernu.com\/index.php\/wp-json\/wp\/v2\/tags?post=5114"}],"curies":[{"name":"wp","href":"https:\/\/api.w.org\/{rel}","templated":true}]}}